{"id":608,"date":"2024-06-20T13:53:26","date_gmt":"2024-06-20T11:53:26","guid":{"rendered":"https:\/\/webinarypwn.pl\/index.php\/2024\/06\/20\/dlaczego-warto-zdecydowac-sie-na-przedszkole-prywatne\/"},"modified":"2025-06-01T03:01:10","modified_gmt":"2025-06-01T01:01:10","slug":"dlaczego-warto-zdecydowac-sie-na-przedszkole-prywatne","status":"publish","type":"post","link":"https:\/\/webinarypwn.pl\/index.php\/2024\/06\/20\/dlaczego-warto-zdecydowac-sie-na-przedszkole-prywatne\/","title":{"rendered":"Dlaczego warto zdecydowa\u0107 si\u0119 na przedszkole prywatne?"},"content":{"rendered":"<p>Przedszkola prywatne na Bia\u0142o\u0142\u0119ce w Warszawie zyskuj\u0105 coraz wi\u0119ksz\u0105 popularno\u015b\u0107 w\u015br\u00f3d rodzic\u00f3w poszukuj\u0105cych najlepszej opieki i edukacji dla swoich dzieci. Decyzja o wyborze plac\u00f3wki prywatnej, zamiast publicznej mo\u017ce by\u0107 trudna, ale istnieje wiele powod\u00f3w, dla kt\u00f3rych warto rozwa\u017cy\u0107 t\u0119 opcj\u0119. Artyku\u0142 ten dok\u0142adnie om\u00f3wi korzy\u015bci p\u0142yn\u0105ce z ucz\u0119szczania dziecka do prywatnego przedszkola na Bia\u0142o\u0142\u0119ce w Warszawie, podkre\u015blaj\u0105c unikalne mo\u017cliwo\u015bci rozwoju, opieki personalizowanej oraz wysokiej jako\u015bci edukacji.<\/p>\n<h2><strong>Indywidualne podej\u015bcie do dziecka &#8211; prywatne przedszkole Warszawa Bia\u0142o\u0142\u0119ka<\/strong><\/h2>\n<p>Jedn\u0105 z kluczowych zalet przedszkoli prywatnych na Bia\u0142o\u0142\u0119ce w Warszawie jest indywidualne podej\u015bcie do ka\u017cdego dziecka. Plac\u00f3wki te zazwyczaj charakteryzuj\u0105 si\u0119 mniejszymi grupami dzieci, co umo\u017cliwia bardziej personalizowan\u0105 opiek\u0119 i nauk\u0119. Na Bia\u0142o\u0142\u0119ce, w przeciwie\u0144stwie do wi\u0119kszo\u015bci publicznych przedszkoli, dzieci maj\u0105 wi\u0119cej czasu i uwagi po\u015bwi\u0119conej nauczycielki, co sprzyja ich wszechstronnemu rozwojowi.<\/p>\n<h2><strong>Wysokie standardy edukacyjne &#8211; prywatne przedszkole Warszawa Bia\u0142o\u0142\u0119ka<\/strong><\/h2>\n<p>Przedszkola prywatne na Bia\u0142o\u0142\u0119ce w Warszawie cz\u0119sto stawiaj\u0105 na wysokie standardy edukacyjne. Nauczyciele zazwyczaj posiadaj\u0105 specjalistyczne wykszta\u0142cenie i do\u015bwiadczenie, co przek\u0142ada si\u0119 na lepsze przygotowanie dzieci do dalszej edukacji szkolnej. Programy nauczania s\u0105 cz\u0119sto bogatsze i bardziej zr\u00f3\u017cnicowane, umo\u017cliwiaj\u0105c rozw\u00f3j intelektualny, emocjonalny oraz spo\u0142eczny dzieci. Warto zainteresowa\u0107 si\u0119 na przyk\u0142ad plac\u00f3wkami, kt\u00f3re oferuj\u0105 techniki wychowania Montessori czy inne alternatywy dla klasycznych program\u00f3w, zw\u0142aszcza spotykanych w przedszkolach publicznych, kt\u00f3re nie da si\u0119 ukry\u0107 &#8211; cz\u0119sto dzia\u0142aj\u0105 zgodnie ze schematem, a nie z perspektywy dobra dziecka.<\/p>\n<h2><strong>Bogata oferta dodatkowych zaj\u0119\u0107 &#8211; prywatne przedszkole Warszawa Bia\u0142o\u0142\u0119ka<\/strong><\/h2>\n<p>Przedszkola prywatne na Bia\u0142o\u0142\u0119ce w Warszawie cz\u0119sto oferuj\u0105 bogat\u0105 gam\u0119 dodatkowych zaj\u0119\u0107 pozalekcyjnych, kt\u00f3re mog\u0105 wzbogaci\u0107 edukacj\u0119 dziecka o elementy artystyczne, sportowe czy j\u0119zykowe. Dzi\u0119ki temu dzieci maj\u0105 szans\u0119 na rozwijanie swoich pasji i zainteresowa\u0144 ju\u017c od najm\u0142odszych lat, co ma istotny wp\u0142yw na ich rozw\u00f3j i samorealizacj\u0119.<\/p>\n<h2><strong>Elastyczne podej\u015bcie do harmonogramu &#8211; prywatne przedszkole Warszawa Bia\u0142o\u0142\u0119ka<\/strong><\/h2>\n<p>Rodzice ceni\u0105cy sobie elastyczno\u015b\u0107 w organizacji czasu swojego dziecka r\u00f3wnie\u017c znajd\u0105 w przedszkolach prywatnych na Bia\u0142o\u0142\u0119ce w Warszawie wiele korzy\u015bci. Plac\u00f3wki te cz\u0119sto oferuj\u0105 r\u00f3\u017cnorodne opcje godzinowe i mo\u017cliwo\u015b\u0107 dostosowania harmonogramu zaj\u0119\u0107 do potrzeb rodzic\u00f3w, co jest trudniejsze do realizacji w przypadku publicznych przedszkoli.<\/p>\n<h2><strong>Podsumowanie<\/strong><\/h2>\n<p>Przedszkola prywatne na Bia\u0142o\u0142\u0119ce w Warszawie to doskona\u0142a opcja dla rodzic\u00f3w poszukuj\u0105cych najwy\u017cszej jako\u015bci opieki i edukacji dla swoich dzieci. Indywidualne podej\u015bcie, wysokie standardy edukacyjne, bogata oferta dodatkowych zaj\u0119\u0107 oraz elastyczno\u015b\u0107 harmonogramu to tylko niekt\u00f3re z licznych zalet, kt\u00f3re przemawiaj\u0105 na korzy\u015b\u0107 wyboru przedszkola prywatnego. Decyzja ta mo\u017ce mie\u0107 istotny wp\u0142yw na rozw\u00f3j dziecka, dlatego warto dok\u0142adnie rozwa\u017cy\u0107 wszystkie opcje i wybra\u0107 najlepsz\u0105 dla swojej rodziny.<\/p>\n","protected":false},"excerpt":{"rendered":"<p>Przedszkola prywatne na Bia\u0142o\u0142\u0119ce w Warszawie zyskuj\u0105 coraz wi\u0119ksz\u0105 popularno\u015b\u0107 w\u015br\u00f3d rodzic\u00f3w poszukuj\u0105cych najlepszej opieki i edukacji dla swoich dzieci. Decyzja o wyborze plac\u00f3wki prywatnej, zamiast publicznej mo\u017ce by\u0107 trudna, ale istnieje wiele powod\u00f3w, dla kt\u00f3rych warto rozwa\u017cy\u0107 t\u0119 opcj\u0119. Artyku\u0142 ten dok\u0142adnie om\u00f3wi korzy\u015bci p\u0142yn\u0105ce z ucz\u0119szczania dziecka do prywatnego przedszkola na Bia\u0142o\u0142\u0119ce w [&hellip;]<\/p>\n","protected":false},"author":0,"featured_media":594,"comment_status":"close","ping_status":"close","sticky":false,"template":"","format":"standard","meta":{"footnotes":""},"categories":[9],"tags":[],"class_list":["post-608","post","type-post","status-publish","format-standard","has-post-thumbnail","hentry","category-dzieci-i-rodzina"],"yoast_head":"<!-- This site is optimized with the Yoast SEO plugin v27.4 - https:\/\/yoast.com\/product\/yoast-seo-wordpress\/ -->\n<title>Dlaczego warto zdecydowa\u0107 si\u0119 na przedszkole prywatne? - webinarypwn.pl<\/title>\n<meta name=\"robots\" content=\"index, follow, max-snippet:-1, max-image-preview:large, max-video-preview:-1\" \/>\n<link rel=\"canonical\" href=\"https:\/\/webinarypwn.pl\/index.php\/2024\/06\/20\/dlaczego-warto-zdecydowac-sie-na-przedszkole-prywatne\/\" \/>\n<meta property=\"og:locale\" content=\"pl_PL\" \/>\n<meta property=\"og:type\" content=\"article\" \/>\n<meta property=\"og:title\" content=\"Dlaczego warto zdecydowa\u0107 si\u0119 na przedszkole prywatne? - webinarypwn.pl\" \/>\n<meta property=\"og:description\" content=\"Przedszkola prywatne na Bia\u0142o\u0142\u0119ce w Warszawie zyskuj\u0105 coraz wi\u0119ksz\u0105 popularno\u015b\u0107 w\u015br\u00f3d rodzic\u00f3w poszukuj\u0105cych najlepszej opieki i edukacji dla swoich dzieci. Decyzja o wyborze plac\u00f3wki prywatnej, zamiast publicznej mo\u017ce by\u0107 trudna, ale istnieje wiele powod\u00f3w, dla kt\u00f3rych warto rozwa\u017cy\u0107 t\u0119 opcj\u0119. Artyku\u0142 ten dok\u0142adnie om\u00f3wi korzy\u015bci p\u0142yn\u0105ce z ucz\u0119szczania dziecka do prywatnego przedszkola na Bia\u0142o\u0142\u0119ce w [&hellip;]\" \/>\n<meta property=\"og:url\" content=\"https:\/\/webinarypwn.pl\/index.php\/2024\/06\/20\/dlaczego-warto-zdecydowac-sie-na-przedszkole-prywatne\/\" \/>\n<meta property=\"og:site_name\" content=\"webinarypwn.pl\" \/>\n<meta property=\"article:published_time\" content=\"2024-06-20T11:53:26+00:00\" \/>\n<meta property=\"article:modified_time\" content=\"2025-06-01T01:01:10+00:00\" \/>\n<meta property=\"og:image\" content=\"https:\/\/webinarypwn.pl\/wp-content\/uploads\/2024\/06\/czym-sa-paleciaki.webp\" \/>\n\t<meta property=\"og:image:width\" content=\"1024\" \/>\n\t<meta property=\"og:image:height\" content=\"1024\" \/>\n\t<meta property=\"og:image:type\" content=\"image\/webp\" \/>\n<meta name=\"twitter:card\" content=\"summary_large_image\" \/>\n<meta name=\"twitter:label1\" content=\"Szacowany czas czytania\" \/>\n\t<meta name=\"twitter:data1\" content=\"2 minuty\" \/>\n<script type=\"application\/ld+json\" class=\"yoast-schema-graph\">{\"@context\":\"https:\\\/\\\/schema.org\",\"@graph\":[{\"@type\":\"Article\",\"@id\":\"https:\\\/\\\/webinarypwn.pl\\\/index.php\\\/2024\\\/06\\\/20\\\/dlaczego-warto-zdecydowac-sie-na-przedszkole-prywatne\\\/#article\",\"isPartOf\":{\"@id\":\"https:\\\/\\\/webinarypwn.pl\\\/index.php\\\/2024\\\/06\\\/20\\\/dlaczego-warto-zdecydowac-sie-na-przedszkole-prywatne\\\/\"},\"author\":{\"name\":\"\",\"@id\":\"\"},\"headline\":\"Dlaczego warto zdecydowa\u0107 si\u0119 na przedszkole prywatne?\",\"datePublished\":\"2024-06-20T11:53:26+00:00\",\"dateModified\":\"2025-06-01T01:01:10+00:00\",\"mainEntityOfPage\":{\"@id\":\"https:\\\/\\\/webinarypwn.pl\\\/index.php\\\/2024\\\/06\\\/20\\\/dlaczego-warto-zdecydowac-sie-na-przedszkole-prywatne\\\/\"},\"wordCount\":506,\"publisher\":{\"@id\":\"https:\\\/\\\/webinarypwn.pl\\\/#organization\"},\"image\":{\"@id\":\"https:\\\/\\\/webinarypwn.pl\\\/index.php\\\/2024\\\/06\\\/20\\\/dlaczego-warto-zdecydowac-sie-na-przedszkole-prywatne\\\/#primaryimage\"},\"thumbnailUrl\":\"https:\\\/\\\/webinarypwn.pl\\\/wp-content\\\/uploads\\\/2024\\\/06\\\/czym-sa-paleciaki.webp\",\"articleSection\":[\"Dzieci i rodzina\"],\"inLanguage\":\"pl-PL\"},{\"@type\":\"WebPage\",\"@id\":\"https:\\\/\\\/webinarypwn.pl\\\/index.php\\\/2024\\\/06\\\/20\\\/dlaczego-warto-zdecydowac-sie-na-przedszkole-prywatne\\\/\",\"url\":\"https:\\\/\\\/webinarypwn.pl\\\/index.php\\\/2024\\\/06\\\/20\\\/dlaczego-warto-zdecydowac-sie-na-przedszkole-prywatne\\\/\",\"name\":\"Dlaczego warto zdecydowa\u0107 si\u0119 na przedszkole prywatne? - webinarypwn.pl\",\"isPartOf\":{\"@id\":\"https:\\\/\\\/webinarypwn.pl\\\/#website\"},\"primaryImageOfPage\":{\"@id\":\"https:\\\/\\\/webinarypwn.pl\\\/index.php\\\/2024\\\/06\\\/20\\\/dlaczego-warto-zdecydowac-sie-na-przedszkole-prywatne\\\/#primaryimage\"},\"image\":{\"@id\":\"https:\\\/\\\/webinarypwn.pl\\\/index.php\\\/2024\\\/06\\\/20\\\/dlaczego-warto-zdecydowac-sie-na-przedszkole-prywatne\\\/#primaryimage\"},\"thumbnailUrl\":\"https:\\\/\\\/webinarypwn.pl\\\/wp-content\\\/uploads\\\/2024\\\/06\\\/czym-sa-paleciaki.webp\",\"datePublished\":\"2024-06-20T11:53:26+00:00\",\"dateModified\":\"2025-06-01T01:01:10+00:00\",\"breadcrumb\":{\"@id\":\"https:\\\/\\\/webinarypwn.pl\\\/index.php\\\/2024\\\/06\\\/20\\\/dlaczego-warto-zdecydowac-sie-na-przedszkole-prywatne\\\/#breadcrumb\"},\"inLanguage\":\"pl-PL\",\"potentialAction\":[{\"@type\":\"ReadAction\",\"target\":[\"https:\\\/\\\/webinarypwn.pl\\\/index.php\\\/2024\\\/06\\\/20\\\/dlaczego-warto-zdecydowac-sie-na-przedszkole-prywatne\\\/\"]}]},{\"@type\":\"ImageObject\",\"inLanguage\":\"pl-PL\",\"@id\":\"https:\\\/\\\/webinarypwn.pl\\\/index.php\\\/2024\\\/06\\\/20\\\/dlaczego-warto-zdecydowac-sie-na-przedszkole-prywatne\\\/#primaryimage\",\"url\":\"https:\\\/\\\/webinarypwn.pl\\\/wp-content\\\/uploads\\\/2024\\\/06\\\/czym-sa-paleciaki.webp\",\"contentUrl\":\"https:\\\/\\\/webinarypwn.pl\\\/wp-content\\\/uploads\\\/2024\\\/06\\\/czym-sa-paleciaki.webp\",\"width\":1024,\"height\":1024},{\"@type\":\"BreadcrumbList\",\"@id\":\"https:\\\/\\\/webinarypwn.pl\\\/index.php\\\/2024\\\/06\\\/20\\\/dlaczego-warto-zdecydowac-sie-na-przedszkole-prywatne\\\/#breadcrumb\",\"itemListElement\":[{\"@type\":\"ListItem\",\"position\":1,\"name\":\"Strona g\u0142\u00f3wna\",\"item\":\"https:\\\/\\\/webinarypwn.pl\\\/\"},{\"@type\":\"ListItem\",\"position\":2,\"name\":\"Dlaczego warto zdecydowa\u0107 si\u0119 na przedszkole prywatne?\"}]},{\"@type\":\"WebSite\",\"@id\":\"https:\\\/\\\/webinarypwn.pl\\\/#website\",\"url\":\"https:\\\/\\\/webinarypwn.pl\\\/\",\"name\":\"webinarypwn.pl\",\"description\":\"Tw\u00f3j ulubiony blog!\",\"publisher\":{\"@id\":\"https:\\\/\\\/webinarypwn.pl\\\/#organization\"},\"potentialAction\":[{\"@type\":\"SearchAction\",\"target\":{\"@type\":\"EntryPoint\",\"urlTemplate\":\"https:\\\/\\\/webinarypwn.pl\\\/?s={search_term_string}\"},\"query-input\":{\"@type\":\"PropertyValueSpecification\",\"valueRequired\":true,\"valueName\":\"search_term_string\"}}],\"inLanguage\":\"pl-PL\"},{\"@type\":\"Organization\",\"@id\":\"https:\\\/\\\/webinarypwn.pl\\\/#organization\",\"name\":\"webinarypwn.pl\",\"url\":\"https:\\\/\\\/webinarypwn.pl\\\/\",\"logo\":{\"@type\":\"ImageObject\",\"inLanguage\":\"pl-PL\",\"@id\":\"https:\\\/\\\/webinarypwn.pl\\\/#\\\/schema\\\/logo\\\/image\\\/\",\"url\":\"https:\\\/\\\/webinarypwn.pl\\\/wp-content\\\/uploads\\\/2023\\\/07\\\/Screenshot-3.png\",\"contentUrl\":\"https:\\\/\\\/webinarypwn.pl\\\/wp-content\\\/uploads\\\/2023\\\/07\\\/Screenshot-3.png\",\"width\":292,\"height\":89,\"caption\":\"webinarypwn.pl\"},\"image\":{\"@id\":\"https:\\\/\\\/webinarypwn.pl\\\/#\\\/schema\\\/logo\\\/image\\\/\"}}]}<\/script>\n<!-- \/ Yoast SEO plugin. -->","yoast_head_json":{"title":"Dlaczego warto zdecydowa\u0107 si\u0119 na przedszkole prywatne? - webinarypwn.pl","robots":{"index":"index","follow":"follow","max-snippet":"max-snippet:-1","max-image-preview":"max-image-preview:large","max-video-preview":"max-video-preview:-1"},"canonical":"https:\/\/webinarypwn.pl\/index.php\/2024\/06\/20\/dlaczego-warto-zdecydowac-sie-na-przedszkole-prywatne\/","og_locale":"pl_PL","og_type":"article","og_title":"Dlaczego warto zdecydowa\u0107 si\u0119 na przedszkole prywatne? - webinarypwn.pl","og_description":"Przedszkola prywatne na Bia\u0142o\u0142\u0119ce w Warszawie zyskuj\u0105 coraz wi\u0119ksz\u0105 popularno\u015b\u0107 w\u015br\u00f3d rodzic\u00f3w poszukuj\u0105cych najlepszej opieki i edukacji dla swoich dzieci. Decyzja o wyborze plac\u00f3wki prywatnej, zamiast publicznej mo\u017ce by\u0107 trudna, ale istnieje wiele powod\u00f3w, dla kt\u00f3rych warto rozwa\u017cy\u0107 t\u0119 opcj\u0119. Artyku\u0142 ten dok\u0142adnie om\u00f3wi korzy\u015bci p\u0142yn\u0105ce z ucz\u0119szczania dziecka do prywatnego przedszkola na Bia\u0142o\u0142\u0119ce w [&hellip;]","og_url":"https:\/\/webinarypwn.pl\/index.php\/2024\/06\/20\/dlaczego-warto-zdecydowac-sie-na-przedszkole-prywatne\/","og_site_name":"webinarypwn.pl","article_published_time":"2024-06-20T11:53:26+00:00","article_modified_time":"2025-06-01T01:01:10+00:00","og_image":[{"width":1024,"height":1024,"url":"https:\/\/webinarypwn.pl\/wp-content\/uploads\/2024\/06\/czym-sa-paleciaki.webp","type":"image\/webp"}],"twitter_card":"summary_large_image","twitter_misc":{"Szacowany czas czytania":"2 minuty"},"schema":{"@context":"https:\/\/schema.org","@graph":[{"@type":"Article","@id":"https:\/\/webinarypwn.pl\/index.php\/2024\/06\/20\/dlaczego-warto-zdecydowac-sie-na-przedszkole-prywatne\/#article","isPartOf":{"@id":"https:\/\/webinarypwn.pl\/index.php\/2024\/06\/20\/dlaczego-warto-zdecydowac-sie-na-przedszkole-prywatne\/"},"author":{"name":"","@id":""},"headline":"Dlaczego warto zdecydowa\u0107 si\u0119 na przedszkole prywatne?","datePublished":"2024-06-20T11:53:26+00:00","dateModified":"2025-06-01T01:01:10+00:00","mainEntityOfPage":{"@id":"https:\/\/webinarypwn.pl\/index.php\/2024\/06\/20\/dlaczego-warto-zdecydowac-sie-na-przedszkole-prywatne\/"},"wordCount":506,"publisher":{"@id":"https:\/\/webinarypwn.pl\/#organization"},"image":{"@id":"https:\/\/webinarypwn.pl\/index.php\/2024\/06\/20\/dlaczego-warto-zdecydowac-sie-na-przedszkole-prywatne\/#primaryimage"},"thumbnailUrl":"https:\/\/webinarypwn.pl\/wp-content\/uploads\/2024\/06\/czym-sa-paleciaki.webp","articleSection":["Dzieci i rodzina"],"inLanguage":"pl-PL"},{"@type":"WebPage","@id":"https:\/\/webinarypwn.pl\/index.php\/2024\/06\/20\/dlaczego-warto-zdecydowac-sie-na-przedszkole-prywatne\/","url":"https:\/\/webinarypwn.pl\/index.php\/2024\/06\/20\/dlaczego-warto-zdecydowac-sie-na-przedszkole-prywatne\/","name":"Dlaczego warto zdecydowa\u0107 si\u0119 na przedszkole prywatne? - webinarypwn.pl","isPartOf":{"@id":"https:\/\/webinarypwn.pl\/#website"},"primaryImageOfPage":{"@id":"https:\/\/webinarypwn.pl\/index.php\/2024\/06\/20\/dlaczego-warto-zdecydowac-sie-na-przedszkole-prywatne\/#primaryimage"},"image":{"@id":"https:\/\/webinarypwn.pl\/index.php\/2024\/06\/20\/dlaczego-warto-zdecydowac-sie-na-przedszkole-prywatne\/#primaryimage"},"thumbnailUrl":"https:\/\/webinarypwn.pl\/wp-content\/uploads\/2024\/06\/czym-sa-paleciaki.webp","datePublished":"2024-06-20T11:53:26+00:00","dateModified":"2025-06-01T01:01:10+00:00","breadcrumb":{"@id":"https:\/\/webinarypwn.pl\/index.php\/2024\/06\/20\/dlaczego-warto-zdecydowac-sie-na-przedszkole-prywatne\/#breadcrumb"},"inLanguage":"pl-PL","potentialAction":[{"@type":"ReadAction","target":["https:\/\/webinarypwn.pl\/index.php\/2024\/06\/20\/dlaczego-warto-zdecydowac-sie-na-przedszkole-prywatne\/"]}]},{"@type":"ImageObject","inLanguage":"pl-PL","@id":"https:\/\/webinarypwn.pl\/index.php\/2024\/06\/20\/dlaczego-warto-zdecydowac-sie-na-przedszkole-prywatne\/#primaryimage","url":"https:\/\/webinarypwn.pl\/wp-content\/uploads\/2024\/06\/czym-sa-paleciaki.webp","contentUrl":"https:\/\/webinarypwn.pl\/wp-content\/uploads\/2024\/06\/czym-sa-paleciaki.webp","width":1024,"height":1024},{"@type":"BreadcrumbList","@id":"https:\/\/webinarypwn.pl\/index.php\/2024\/06\/20\/dlaczego-warto-zdecydowac-sie-na-przedszkole-prywatne\/#breadcrumb","itemListElement":[{"@type":"ListItem","position":1,"name":"Strona g\u0142\u00f3wna","item":"https:\/\/webinarypwn.pl\/"},{"@type":"ListItem","position":2,"name":"Dlaczego warto zdecydowa\u0107 si\u0119 na przedszkole prywatne?"}]},{"@type":"WebSite","@id":"https:\/\/webinarypwn.pl\/#website","url":"https:\/\/webinarypwn.pl\/","name":"webinarypwn.pl","description":"Tw\u00f3j ulubiony blog!","publisher":{"@id":"https:\/\/webinarypwn.pl\/#organization"},"potentialAction":[{"@type":"SearchAction","target":{"@type":"EntryPoint","urlTemplate":"https:\/\/webinarypwn.pl\/?s={search_term_string}"},"query-input":{"@type":"PropertyValueSpecification","valueRequired":true,"valueName":"search_term_string"}}],"inLanguage":"pl-PL"},{"@type":"Organization","@id":"https:\/\/webinarypwn.pl\/#organization","name":"webinarypwn.pl","url":"https:\/\/webinarypwn.pl\/","logo":{"@type":"ImageObject","inLanguage":"pl-PL","@id":"https:\/\/webinarypwn.pl\/#\/schema\/logo\/image\/","url":"https:\/\/webinarypwn.pl\/wp-content\/uploads\/2023\/07\/Screenshot-3.png","contentUrl":"https:\/\/webinarypwn.pl\/wp-content\/uploads\/2023\/07\/Screenshot-3.png","width":292,"height":89,"caption":"webinarypwn.pl"},"image":{"@id":"https:\/\/webinarypwn.pl\/#\/schema\/logo\/image\/"}}]}},"_links":{"self":[{"href":"https:\/\/webinarypwn.pl\/index.php\/wp-json\/wp\/v2\/posts\/608","targetHints":{"allow":["GET"]}}],"collection":[{"href":"https:\/\/webinarypwn.pl\/index.php\/wp-json\/wp\/v2\/posts"}],"about":[{"href":"https:\/\/webinarypwn.pl\/index.php\/wp-json\/wp\/v2\/types\/post"}],"replies":[{"embeddable":true,"href":"https:\/\/webinarypwn.pl\/index.php\/wp-json\/wp\/v2\/comments?post=608"}],"version-history":[{"count":1,"href":"https:\/\/webinarypwn.pl\/index.php\/wp-json\/wp\/v2\/posts\/608\/revisions"}],"predecessor-version":[{"id":982,"href":"https:\/\/webinarypwn.pl\/index.php\/wp-json\/wp\/v2\/posts\/608\/revisions\/982"}],"wp:featuredmedia":[{"embeddable":true,"href":"https:\/\/webinarypwn.pl\/index.php\/wp-json\/wp\/v2\/media\/594"}],"wp:attachment":[{"href":"https:\/\/webinarypwn.pl\/index.php\/wp-json\/wp\/v2\/media?parent=608"}],"wp:term":[{"taxonomy":"category","embeddable":true,"href":"https:\/\/webinarypwn.pl\/index.php\/wp-json\/wp\/v2\/categories?post=608"},{"taxonomy":"post_tag","embeddable":true,"href":"https:\/\/webinarypwn.pl\/index.php\/wp-json\/wp\/v2\/tags?post=608"}],"curies":[{"name":"wp","href":"https:\/\/api.w.org\/{rel}","templated":true}]}}